{"id":829,"date":"2025-03-04T21:35:57","date_gmt":"2025-03-04T21:35:57","guid":{"rendered":"https:\/\/centrostudidonati.org\/?p=829"},"modified":"2025-03-04T21:42:37","modified_gmt":"2025-03-04T21:42:37","slug":"volti-e-voci-da-una-periferia","status":"publish","type":"post","link":"https:\/\/centrostudidonati.org\/?p=829","title":{"rendered":"VOLTI E VOCI DA UNA PERIFERIA"},"content":{"rendered":"\n<p class=\"has-text-align-center has-vivid-cyan-blue-color has-text-color has-huge-font-size\"><strong>VOLTI E VOCI DA UNA PERIFERIA <\/strong><\/p>\n\n\n\n<p class=\"has-text-align-center has-vivid-cyan-blue-color has-text-color has-link-color has-large-font-size wp-elements-2df5170d0001a7b8f8b8d87fa07309a5\"><strong>storie di vita, politica, povert\u00e0, diversit\u00e0, lotta e liberazione<\/strong><\/p>\n\n\n\n<div class=\"wp-block-columns is-layout-flex wp-container-core-columns-is-layout-9d6595d7 wp-block-columns-is-layout-flex\">\n<div class=\"wp-block-column is-layout-flow wp-block-column-is-layout-flow\" style=\"flex-basis:33.33%\">\n<div class=\"wp-block-group\"><div class=\"wp-block-group__inner-container is-layout-flow wp-block-group-is-layout-flow\">\n<figure class=\"wp-block-image size-large\"><img fetchpriority=\"high\" decoding=\"async\" width=\"717\" height=\"1024\" src=\"https:\/\/centrostudidonati.org\/wp-content\/uploads\/2025\/03\/20250318-717x1024.jpg\" alt=\"\" class=\"wp-image-830\" srcset=\"https:\/\/centrostudidonati.org\/wp-content\/uploads\/2025\/03\/20250318-717x1024.jpg 717w, https:\/\/centrostudidonati.org\/wp-content\/uploads\/2025\/03\/20250318-210x300.jpg 210w, https:\/\/centrostudidonati.org\/wp-content\/uploads\/2025\/03\/20250318-768x1097.jpg 768w, https:\/\/centrostudidonati.org\/wp-content\/uploads\/2025\/03\/20250318-1075x1536.jpg 1075w, https:\/\/centrostudidonati.org\/wp-content\/uploads\/2025\/03\/20250318-1433x2048.jpg 1433w, https:\/\/centrostudidonati.org\/wp-content\/uploads\/2025\/03\/20250318-scaled.jpg 1792w\" sizes=\"(max-width: 717px) 100vw, 717px\" \/><\/figure>\n<\/div><\/div>\n\n\n\n<p><\/p>\n<\/div>\n\n\n\n<div class=\"wp-block-column is-layout-flow wp-block-column-is-layout-flow\" style=\"flex-basis:66.66%\">\n<div class=\"wp-block-group\"><div class=\"wp-block-group__inner-container is-layout-constrained wp-block-group-is-layout-constrained\">\n<div class=\"wp-block-group\"><div class=\"wp-block-group__inner-container is-layout-constrained wp-block-group-is-layout-constrained\">\n<p>Quello delle Piagge \u00e8 un quartiere popolare di periferia urbana, riempito di palazzoni nella zona ovest della citt\u00e0 di Firenze, abitato da persone e famiglie che provengono da luoghi, situazioni e culture diverse. Rispetto al resto della citt\u00e0 il quartiere vive uno stato di isolamento, di emarginazione, di disagio urbano e sociale, che spesso provoca la perdita di dignit\u00e0 e di speranza.<\/p>\n\n\n\n<p>La <strong><a href=\"http:\/\/www.comunitadellepiagge.it\/\" data-type=\"link\" data-id=\"http:\/\/www.comunitadellepiagge.it\/\">Comunit\u00e0 delle Piagge<\/a><\/strong> nasce alla fine del 1994, con lo scopo di restituire dignit\u00e0 a questa parte di citt\u00e0 e di sperimentare percorsi alternativi di socialit\u00e0, di scuola, di educazione, di lavoro, di economia.<\/p>\n\n\n\n<p>Con le sue numerose attivit\u00e0, la Comunit\u00e0 \u00e8 diventata negli anni un osservatorio privilegiato sulla citt\u00e0 e sul mondo: con l\u2019ottica della periferia \u00e8 possibile riconoscere, toccare con mano, analizzare e comprendere molte delle complessit\u00e0 disumanizzanti che attraversano tutta la citt\u00e0, il paese e il mondo intero. Esiste anche una piccola casa editrice che risponde all\u2019esigenza della Comunit\u00e0 di raccontare la vita di questa e di mille altre periferie.<\/p>\n\n\n\n<p><strong>Alessandro Santoro,<\/strong> prete operaio, e altre persone della Comunit\u00e0 delle Piagge ci presenteranno questa esperienza trentennale che costituisce un nuovo ed esportabile modo di intendere le relazioni fra le persone, l\u2019economia, le dinamiche sociali di partecipazione e di inclusione.<\/p>\n<\/div><\/div>\n\n\n\n<p class=\"has-text-align-center has-medium-font-size\"><strong>Marted\u00ec 18 Marzo 2025<br>ore 21.00<br>@Auditorium Gamaliele<br>via Mascarella 46<br>Bologna<\/strong><\/p>\n\n\n\n<p>ne parliamo con:<\/p>\n\n\n\n<p><strong>Alessandro Santoro,<\/strong> prete operaio, <a href=\"http:\/\/www.comunitadellepiagge.it\/\"><strong>Comunit\u00e0 di Base delle Piagge di Firenze<\/strong><\/a><br>e altre persone della <strong><a href=\"http:\/\/www.comunitadellepiagge.it\/\">Comunit\u00e0 delle Piagge<\/a><\/strong><\/p>\n\n\n\n<p>Organizzato dal <strong>Centro Studi &#8220;G. Donati&#8221; <\/strong>APS, in collaborazione con il <strong>Centro Missionario Diocesano<\/strong> di Bologna<\/p>\n<\/div><\/div>\n\n\n\n<p>Link utili: <\/p>\n\n\n\n<p><a href=\"http:\/\/www.comunitadellepiagge.it\"><strong>http:\/\/www.comunitadellepiagge.it<\/strong><\/a><\/p>\n\n\n\n<p><strong><a href=\"http:\/\/www.edizionipiagge.it\">http:\/\/www.edizionipiagge.it<\/a><\/strong><\/p>\n\n\n\n<p><\/p>\n<\/div>\n<\/div>\n\n\n\n<p><\/p>\n","protected":false},"excerpt":{"rendered":"<p>VOLTI E VOCI DA UNA PERIFERIA storie di vita, politica, povert\u00e0, diversit\u00e0, lotta e liberazione Quello delle Piagge \u00e8 un quartiere popolare di periferia urbana,&hellip;<\/p>\n","protected":false},"author":1,"featured_media":0,"comment_status":"closed","ping_status":"closed","sticky":true,"template":"","format":"standard","meta":{"footnotes":""},"categories":[6,7],"tags":[53,57,56,54,55,39,16],"class_list":["post-829","post","type-post","status-publish","format-standard","hentry","category-articolo","category-conferenze","tag-comunita","tag-liberazione","tag-lotta","tag-politica","tag-poverta","tag-viaggiare","tag-viaggio-universitario"],"_links":{"self":[{"href":"https:\/\/centrostudidonati.org\/index.php?rest_route=\/wp\/v2\/posts\/829","targetHints":{"allow":["GET"]}}],"collection":[{"href":"https:\/\/centrostudidonati.org\/index.php?rest_route=\/wp\/v2\/posts"}],"about":[{"href":"https:\/\/centrostudidonati.org\/index.php?rest_route=\/wp\/v2\/types\/post"}],"author":[{"embeddable":true,"href":"https:\/\/centrostudidonati.org\/index.php?rest_route=\/wp\/v2\/users\/1"}],"replies":[{"embeddable":true,"href":"https:\/\/centrostudidonati.org\/index.php?rest_route=%2Fwp%2Fv2%2Fcomments&post=829"}],"version-history":[{"count":4,"href":"https:\/\/centrostudidonati.org\/index.php?rest_route=\/wp\/v2\/posts\/829\/revisions"}],"predecessor-version":[{"id":835,"href":"https:\/\/centrostudidonati.org\/index.php?rest_route=\/wp\/v2\/posts\/829\/revisions\/835"}],"wp:attachment":[{"href":"https:\/\/centrostudidonati.org\/index.php?rest_route=%2Fwp%2Fv2%2Fmedia&parent=829"}],"wp:term":[{"taxonomy":"category","embeddable":true,"href":"https:\/\/centrostudidonati.org\/index.php?rest_route=%2Fwp%2Fv2%2Fcategories&post=829"},{"taxonomy":"post_tag","embeddable":true,"href":"https:\/\/centrostudidonati.org\/index.php?rest_route=%2Fwp%2Fv2%2Ftags&post=829"}],"curies":[{"name":"wp","href":"https:\/\/api.w.org\/{rel}","templated":true}]}}