{"id":864,"date":"2025-03-17T23:22:31","date_gmt":"2025-03-17T23:22:31","guid":{"rendered":"https:\/\/centrostudidonati.org\/?p=864"},"modified":"2025-10-13T17:05:06","modified_gmt":"2025-10-13T17:05:06","slug":"non-rubateci-il-futuro","status":"publish","type":"post","link":"https:\/\/centrostudidonati.org\/?p=864","title":{"rendered":"NON RUBATECI IL FUTURO"},"content":{"rendered":"\n<div class=\"wp-block-media-text has-media-on-the-right is-stacked-on-mobile is-vertically-aligned-bottom\" style=\"grid-template-columns:auto 30%\"><div class=\"wp-block-media-text__content\">\n<p style=\"font-size:22px\">Questa \u00e8 una <strong>rassegna di cinema d\u2019impegno civile<\/strong> con pellicole dolorose, necessarie, di denuncia, che volgono lo sguardo dove l\u2019attenzione dei media sembra essere pi\u00f9 stanca e distratta.&nbsp;<\/p>\n\n\n\n<p style=\"font-size:22px\">Le pellicole raccontano storie che ci chiedono di non restare solo spettatori, esattamente come i loro protagonisti.<\/p>\n\n\n\n<p style=\"font-size:22px\"><em>\u201cNon ha alcun senso impegnarsi nell\u2019arte se non si lotta per quelle voci, se non si lotta per porre domande su questioni importanti, dolorose, a volte irrisolvibili, che ci mettono di fronte a scelte drammatiche.\u201d<\/em>, ha dichiarato la regista di Green Border, Agnieszka Holland.<\/p>\n\n\n\n<p style=\"font-size:22px\">Info:&nbsp;<a href=\"mailto:pres.csd@centrostudidonati.org\" target=\"_blank\" rel=\"noreferrer noopener\">pres.csd@centrostudidonati.org<\/a><\/p>\n<\/div><figure class=\"wp-block-media-text__media\"><img fetchpriority=\"high\" decoding=\"async\" width=\"716\" height=\"1024\" src=\"https:\/\/centrostudidonati.org\/wp-content\/uploads\/2025\/03\/20250327-1-716x1024.jpeg\" alt=\"\" class=\"wp-image-884 size-full\" srcset=\"https:\/\/centrostudidonati.org\/wp-content\/uploads\/2025\/03\/20250327-1-716x1024.jpeg 716w, https:\/\/centrostudidonati.org\/wp-content\/uploads\/2025\/03\/20250327-1-210x300.jpeg 210w, https:\/\/centrostudidonati.org\/wp-content\/uploads\/2025\/03\/20250327-1-768x1098.jpeg 768w, https:\/\/centrostudidonati.org\/wp-content\/uploads\/2025\/03\/20250327-1-1075x1536.jpeg 1075w, https:\/\/centrostudidonati.org\/wp-content\/uploads\/2025\/03\/20250327-1.jpeg 1377w\" sizes=\"(max-width: 716px) 100vw, 716px\" \/><\/figure><\/div>\n\n\n\n<p class=\"has-text-align-center has-luminous-vivid-orange-color has-text-color has-link-color wp-elements-94009ed31b2d87793ae465f2e736640c\" style=\"font-size:50px\"><strong>PROGRAMMA<\/strong><\/p>\n\n\n\n<figure class=\"wp-block-table is-style-stripes\" style=\"font-size:21px\"><table class=\"has-black-color has-text-color has-link-color\"><tbody><tr><td><strong>Gioved\u00ec 27 marzo<\/strong><\/td><td><strong>h20:30<\/strong><\/td><td><strong><a href=\"#greenborder\">Green Border<\/a><\/strong>&nbsp;di Agnieszka Holland &#8211; 2023, 153 min., Rep. Ceca, Polonia, Francia, Belgio &#8211; vers. orig. con sottotitoli in italiano<\/td><\/tr><tr><td><strong>Gioved\u00ec 10 aprile<\/strong><\/td><td><strong>h20:30<\/strong><\/td><td><strong><a href=\"#achiara\">A Chiara<\/a><\/strong>&nbsp;di Jonas Carpignano &#8211; 2021, 121 min., Francia, Italia \u2013 ITA<\/td><\/tr><tr><td><strong>Gioved\u00ec 8 maggio<\/strong><\/td><td><strong>h20:30<\/strong><\/td><td><strong><a href=\"#unaltromondo\">Un altro mondo<\/a><\/strong>&nbsp;di St\u00e9phane Briz\u00e9 &#8211; 2021, 97 min., Francia &#8211; ITA<\/td><\/tr><\/tbody><\/table><\/figure>\n\n\n\n<div class=\"wp-block-columns is-layout-flex wp-container-core-columns-is-layout-9d6595d7 wp-block-columns-is-layout-flex\">\n<div class=\"wp-block-column is-layout-flow wp-block-column-is-layout-flow\">\n<p class=\"has-black-color has-text-color has-background\" style=\"background-color: #dcecf3;\"><strong><b>CINEMA GAMALIELE<\/b><br \/>via Mascarella, 46 &#8211; Bologna<\/strong><br \/>Ingresso libero fino ad esaurimento posti<\/p>\n\n\n\n<p><\/p>\n<\/div>\n\n\n\n<div class=\"wp-block-column is-layout-flow wp-block-column-is-layout-flow\"><div class=\"su-gmap su-u-responsive-media-yes\"><iframe width=\"300\" height=\"200\" src=\"\/\/maps.google.com\/maps?q=Cinema%20Gamaliele%2C%20via%20Mascarella%2046%2C%20Bologna&amp;output=embed&amp;z=16\" title=\"Cinema Gamaliele, via Mascarella 46, Bologna\"><\/iframe><\/div>\n<\/div>\n<\/div>\n\n\n\n<hr class=\"wp-block-separator has-text-color has-luminous-vivid-orange-color has-alpha-channel-opacity has-luminous-vivid-orange-background-color has-background is-style-wide\"\/>\n\n\n\n<p id=\"greenborder\"><\/p>\n\n\n\n<div class=\"wp-block-media-text is-stacked-on-mobile is-vertically-aligned-top\" style=\"grid-template-columns:34% auto\"><figure class=\"wp-block-media-text__media\"><img decoding=\"async\" width=\"691\" height=\"1024\" src=\"https:\/\/centrostudidonati.org\/wp-content\/uploads\/2025\/03\/the-green-border-p5.jpg\" alt=\"\" class=\"wp-image-893 size-full\" srcset=\"https:\/\/centrostudidonati.org\/wp-content\/uploads\/2025\/03\/the-green-border-p5.jpg 691w, https:\/\/centrostudidonati.org\/wp-content\/uploads\/2025\/03\/the-green-border-p5-202x300.jpg 202w\" sizes=\"(max-width: 691px) 100vw, 691px\" \/><\/figure><div class=\"wp-block-media-text__content\">\n<p style=\"font-size:20px\"><strong>Gioved\u00ec 27 marzo &#8211; ore 20.30<\/strong><\/p>\n\n\n\n<p class=\"has-luminous-vivid-orange-color has-text-color has-link-color wp-elements-d1fc34f2c6bc7d604644c9e81cd26f56\" style=\"font-size:30px\"><strong>GREEN BORDER<\/strong><\/p>\n\n\n\n<p><strong>di Agnieszka Holland <\/strong>(2023, 153 min., Rep. Ceca, Polonia, Francia, Belgio &#8211; versione originale con sottotitoli in italiano).<\/p>\n\n\n\n<p><em>Premio speciale della Giuria alla&nbsp;<a href=\"http:\/\/80.ma\/\" target=\"_blank\" rel=\"noreferrer noopener\">80.ma<\/a>&nbsp;Mostra internazionale d\u2019arte cinematografica di Venezia (2023).<\/em><\/p>\n\n\n\n<p>Minsk, Bielorussia oggi, un aereo turco atterra con un gruppo di richiedenti asilo diretti in alcuni Paesi europei. Dopo aver pagato generosamente un accompagnatore fino al confine, il gruppo \u00e8 costretto a disperdersi nei campi appena toccato il suolo polacco, perch\u00e9 le forze militari polacche hanno l\u2019ordine di rigettare ogni ingresso. Seguiranno altri tentativi, intervallati da ripetute percosse, privazioni e situazioni dove la dignit\u00e0 umana viene meno. Uno scenario straziante, osservato anche attraverso la prospettiva di un giovane poliziotto polacco riluttante e di un gruppo di attivisti che prestano un primo soccorso sul territorio.<\/p>\n<\/div><\/div>\n\n\n\n<div class=\"wp-block-columns is-layout-flex wp-container-core-columns-is-layout-9d6595d7 wp-block-columns-is-layout-flex\">\n<div class=\"wp-block-column is-layout-flow wp-block-column-is-layout-flow\">\n<figure class=\"wp-block-embed is-type-video is-provider-youtube wp-block-embed-youtube wp-embed-aspect-16-9 wp-has-aspect-ratio\"><div class=\"wp-block-embed__wrapper\">\n<iframe title=\"GREEN BORDER (2024) | Trailer italiano del film di Agnieszka Holland\" width=\"843\" height=\"474\" src=\"https:\/\/www.youtube.com\/embed\/j_rEEm_UWGk?feature=oembed\" frameborder=\"0\" allow=\"accelerometer; autoplay; clipboard-write; encrypted-media; gyroscope; picture-in-picture; web-share\" referrerpolicy=\"strict-origin-when-cross-origin\" allowfullscreen><\/iframe>\n<\/div><\/figure>\n<\/div>\n\n\n\n<div class=\"wp-block-column is-layout-flow wp-block-column-is-layout-flow\">\n<figure class=\"wp-block-image size-full\"><img decoding=\"async\" width=\"1023\" height=\"682\" src=\"https:\/\/centrostudidonati.org\/wp-content\/uploads\/2025\/03\/the-green-border-7.jpg\" alt=\"\" class=\"wp-image-896\" srcset=\"https:\/\/centrostudidonati.org\/wp-content\/uploads\/2025\/03\/the-green-border-7.jpg 1023w, https:\/\/centrostudidonati.org\/wp-content\/uploads\/2025\/03\/the-green-border-7-300x200.jpg 300w, https:\/\/centrostudidonati.org\/wp-content\/uploads\/2025\/03\/the-green-border-7-768x512.jpg 768w\" sizes=\"(max-width: 1023px) 100vw, 1023px\" \/><\/figure>\n<\/div>\n<\/div>\n\n\n\n<hr class=\"wp-block-separator has-text-color has-luminous-vivid-orange-color has-alpha-channel-opacity has-luminous-vivid-orange-background-color has-background is-style-wide\"\/>\n\n\n\n<p id=\"achiara\"><\/p>\n\n\n\n<div class=\"wp-block-media-text is-stacked-on-mobile is-vertically-aligned-top\" style=\"grid-template-columns:34% auto\"><figure class=\"wp-block-media-text__media\"><img loading=\"lazy\" decoding=\"async\" width=\"235\" height=\"336\" src=\"https:\/\/centrostudidonati.org\/wp-content\/uploads\/2025\/03\/a_chiara.jpg\" alt=\"\" class=\"wp-image-902 size-full\" srcset=\"https:\/\/centrostudidonati.org\/wp-content\/uploads\/2025\/03\/a_chiara.jpg 235w, https:\/\/centrostudidonati.org\/wp-content\/uploads\/2025\/03\/a_chiara-210x300.jpg 210w\" sizes=\"(max-width: 235px) 100vw, 235px\" \/><\/figure><div class=\"wp-block-media-text__content\">\n<p style=\"font-size:20px\"><strong>Gioved\u00ec 10 aprile &#8211; ore 20.30<\/strong><\/p>\n\n\n\n<p class=\"has-luminous-vivid-orange-color has-text-color has-link-color wp-elements-e2eac7cb3b7015ac1cbbdbe7541a2dce\" style=\"font-size:30px\"><strong>A CHIARA<\/strong><\/p>\n\n\n\n<p><strong>di Jonas Carpignano<\/strong> (2021, 121 min., Francia, Italia \u2013 versione in lingua italiana).<\/p>\n\n\n\n<p>Selezione alla&nbsp;<a href=\"http:\/\/52.ma\/\" target=\"_blank\" rel=\"noreferrer noopener\">52.ma<\/a>&nbsp;Quinzaine des R\u00e9alisateurs del Festival di Cannes 2021, Premio Label Europa Cinema 2021, David di Donatello 2022 a Swamy Rotolo come migliore attrice protagonista.<\/p>\n\n\n\n<p>Chiara, 15 anni, vive a Gioia Tauro con la sua famiglia. Una ragazza come tante e una famiglia semplice e felice. Finch\u00e9, una notte, tutto cambia quando la macchina del padre viene bruciata e l&#8217;uomo scompare. Chiara inizia a indagare sui motivi di questo allontanamento, ma pi\u00f9 si avviciner\u00e0 alla verit\u00e0, pi\u00f9 sar\u00e0 costretta a riflettere su che tipo di futuro vuole per s\u00e9 stessa.<\/p>\n<\/div><\/div>\n\n\n\n<div class=\"wp-block-columns is-layout-flex wp-container-core-columns-is-layout-9d6595d7 wp-block-columns-is-layout-flex\">\n<div class=\"wp-block-column is-layout-flow wp-block-column-is-layout-flow\">\n<figure class=\"wp-block-embed is-type-video is-provider-youtube wp-block-embed-youtube wp-embed-aspect-16-9 wp-has-aspect-ratio\"><div class=\"wp-block-embed__wrapper\">\n<iframe title=\"A CHIARA di Jonas Carpignano - Il film italiano che ha trionfato a Cannes 2021 | Trailer Italiano HD\" width=\"843\" height=\"474\" src=\"https:\/\/www.youtube.com\/embed\/9nzn7TmPHXo?feature=oembed\" frameborder=\"0\" allow=\"accelerometer; autoplay; clipboard-write; encrypted-media; gyroscope; picture-in-picture; web-share\" referrerpolicy=\"strict-origin-when-cross-origin\" allowfullscreen><\/iframe>\n<\/div><\/figure>\n<\/div>\n\n\n\n<div class=\"wp-block-column is-layout-flow wp-block-column-is-layout-flow\">\n<figure class=\"wp-block-image size-full\"><img loading=\"lazy\" decoding=\"async\" width=\"1911\" height=\"1030\" src=\"https:\/\/centrostudidonati.org\/wp-content\/uploads\/2025\/03\/a-chiara-2.jpeg\" alt=\"\" class=\"wp-image-905\" srcset=\"https:\/\/centrostudidonati.org\/wp-content\/uploads\/2025\/03\/a-chiara-2.jpeg 1911w, https:\/\/centrostudidonati.org\/wp-content\/uploads\/2025\/03\/a-chiara-2-300x162.jpeg 300w, https:\/\/centrostudidonati.org\/wp-content\/uploads\/2025\/03\/a-chiara-2-1024x552.jpeg 1024w, https:\/\/centrostudidonati.org\/wp-content\/uploads\/2025\/03\/a-chiara-2-768x414.jpeg 768w, https:\/\/centrostudidonati.org\/wp-content\/uploads\/2025\/03\/a-chiara-2-1536x828.jpeg 1536w\" sizes=\"(max-width: 1911px) 100vw, 1911px\" \/><\/figure>\n<\/div>\n<\/div>\n\n\n\n<hr class=\"wp-block-separator has-text-color has-luminous-vivid-orange-color has-alpha-channel-opacity has-luminous-vivid-orange-background-color has-background is-style-wide\"\/>\n\n\n\n<p id=\"unaltromondo\"><\/p>\n\n\n\n<div class=\"wp-block-media-text is-stacked-on-mobile is-vertically-aligned-top\" style=\"grid-template-columns:34% auto\"><figure class=\"wp-block-media-text__media\"><img loading=\"lazy\" decoding=\"async\" width=\"420\" height=\"580\" src=\"https:\/\/centrostudidonati.org\/wp-content\/uploads\/2025\/03\/un_altro_mondo_0.jpg\" alt=\"\" class=\"wp-image-908 size-full\" srcset=\"https:\/\/centrostudidonati.org\/wp-content\/uploads\/2025\/03\/un_altro_mondo_0.jpg 420w, https:\/\/centrostudidonati.org\/wp-content\/uploads\/2025\/03\/un_altro_mondo_0-217x300.jpg 217w\" sizes=\"(max-width: 420px) 100vw, 420px\" \/><\/figure><div class=\"wp-block-media-text__content\">\n<p style=\"font-size:20px\"><strong>Gioved\u00ec 8 maggio &#8211; ore 20.30<\/strong><\/p>\n\n\n\n<p class=\"has-luminous-vivid-orange-color has-text-color has-link-color wp-elements-91f02c3f1e0bda9fd2987eb7a8c507fd\" style=\"font-size:30px\"><strong>UN ALTRO MONDO<\/strong><\/p>\n\n\n\n<p><strong>di St\u00e9phane Briz\u00e9<\/strong> (2021, 97 min., Francia, versione in lingua italiana).<\/p>\n\n\n\n<p>Philippe Lemesle \u00e8 un dirigente d\u2019azienda che ha passato i cinquant\u2019anni. Dopo tanti anni di matrimonio e due figli, la situazione familiare sembra deragliare: la moglie chiede la separazione perch\u00e9 \u00e8 ormai esausta per le assenze dell\u2019uomo a causa del lavoro; il minore dei figli, in et\u00e0 adolescenziale, manifesta poi improvvise fragilit\u00e0. A questo si aggiungono inattese pressioni da parte della multinazionale per cui lavora, che chiede un netto taglio dei posti di lavoro\u2026<\/p>\n<\/div><\/div>\n\n\n\n<div class=\"wp-block-columns is-layout-flex wp-container-core-columns-is-layout-9d6595d7 wp-block-columns-is-layout-flex\">\n<div class=\"wp-block-column is-layout-flow wp-block-column-is-layout-flow\">\n<figure class=\"wp-block-embed is-type-video is-provider-youtube wp-block-embed-youtube wp-embed-aspect-16-9 wp-has-aspect-ratio\"><div class=\"wp-block-embed__wrapper\">\n<iframe title=\"UN ALTRO MONDO (2022) Trailer del Film con Vincent Lindon\" width=\"843\" height=\"474\" src=\"https:\/\/www.youtube.com\/embed\/76J30CNlVbA?feature=oembed\" frameborder=\"0\" allow=\"accelerometer; autoplay; clipboard-write; encrypted-media; gyroscope; picture-in-picture; web-share\" referrerpolicy=\"strict-origin-when-cross-origin\" allowfullscreen><\/iframe>\n<\/div><\/figure>\n<\/div>\n\n\n\n<div class=\"wp-block-column is-layout-flow wp-block-column-is-layout-flow\">\n<figure class=\"wp-block-image size-full\"><img loading=\"lazy\" decoding=\"async\" width=\"1280\" height=\"720\" src=\"https:\/\/centrostudidonati.org\/wp-content\/uploads\/2025\/03\/Un-altro-mondo.jpg\" alt=\"\" class=\"wp-image-909\" srcset=\"https:\/\/centrostudidonati.org\/wp-content\/uploads\/2025\/03\/Un-altro-mondo.jpg 1280w, https:\/\/centrostudidonati.org\/wp-content\/uploads\/2025\/03\/Un-altro-mondo-300x169.jpg 300w, https:\/\/centrostudidonati.org\/wp-content\/uploads\/2025\/03\/Un-altro-mondo-1024x576.jpg 1024w, https:\/\/centrostudidonati.org\/wp-content\/uploads\/2025\/03\/Un-altro-mondo-768x432.jpg 768w\" sizes=\"(max-width: 1280px) 100vw, 1280px\" \/><\/figure>\n<\/div>\n<\/div>\n\n\n\n<p><\/p>\n","protected":false},"excerpt":{"rendered":"<p>Questa \u00e8 una rassegna di cinema d\u2019impegno civile con pellicole dolorose, necessarie, di denuncia, che volgono lo sguardo dove l\u2019attenzione dei media sembra essere pi\u00f9&hellip;<\/p>\n","protected":false},"author":1,"featured_media":0,"comment_status":"closed","ping_status":"closed","sticky":false,"template":"","format":"standard","meta":{"footnotes":""},"categories":[6,7],"tags":[63,65,67,69,61,62,68,56,42,54,66,55,60,64,39,16],"class_list":["post-864","post","type-post","status-publish","format-standard","hentry","category-articolo","category-conferenze","tag-a-chiara","tag-bielorussia","tag-calabria","tag-diritti-lavoro","tag-frontiere","tag-green-border","tag-lavoro","tag-lotta","tag-migrazioni","tag-politica","tag-polonia","tag-poverta","tag-rassegna-cinematografica","tag-un-altro-mondo","tag-viaggiare","tag-viaggio-universitario"],"_links":{"self":[{"href":"https:\/\/centrostudidonati.org\/index.php?rest_route=\/wp\/v2\/posts\/864","targetHints":{"allow":["GET"]}}],"collection":[{"href":"https:\/\/centrostudidonati.org\/index.php?rest_route=\/wp\/v2\/posts"}],"about":[{"href":"https:\/\/centrostudidonati.org\/index.php?rest_route=\/wp\/v2\/types\/post"}],"author":[{"embeddable":true,"href":"https:\/\/centrostudidonati.org\/index.php?rest_route=\/wp\/v2\/users\/1"}],"replies":[{"embeddable":true,"href":"https:\/\/centrostudidonati.org\/index.php?rest_route=%2Fwp%2Fv2%2Fcomments&post=864"}],"version-history":[{"count":19,"href":"https:\/\/centrostudidonati.org\/index.php?rest_route=\/wp\/v2\/posts\/864\/revisions"}],"predecessor-version":[{"id":930,"href":"https:\/\/centrostudidonati.org\/index.php?rest_route=\/wp\/v2\/posts\/864\/revisions\/930"}],"wp:attachment":[{"href":"https:\/\/centrostudidonati.org\/index.php?rest_route=%2Fwp%2Fv2%2Fmedia&parent=864"}],"wp:term":[{"taxonomy":"category","embeddable":true,"href":"https:\/\/centrostudidonati.org\/index.php?rest_route=%2Fwp%2Fv2%2Fcategories&post=864"},{"taxonomy":"post_tag","embeddable":true,"href":"https:\/\/centrostudidonati.org\/index.php?rest_route=%2Fwp%2Fv2%2Ftags&post=864"}],"curies":[{"name":"wp","href":"https:\/\/api.w.org\/{rel}","templated":true}]}}